{"id":1,"date":"2023-09-26T09:21:18","date_gmt":"2023-09-26T09:21:18","guid":{"rendered":"https:\/\/mom-o.hu\/new\/?p=1"},"modified":"2023-11-21T23:07:14","modified_gmt":"2023-11-21T22:07:14","slug":"hello-world","status":"publish","type":"post","link":"https:\/\/mom-o.hu\/?p=1","title":{"rendered":"R\u00f6vidt\u00e1v\u00fa Orsz\u00e1gos Bajnoks\u00e1g"},"content":{"rendered":"\n<div class=\"wp-block-stackable-columns stk-block-columns stk-block stk-59df8ca\" data-block-id=\"59df8ca\"><div class=\"stk-row stk-inner-blocks stk-block-content stk-content-align stk-59df8ca-column\">\n<div class=\"wp-block-stackable-column stk-block-column stk-column stk-block stk-394a855\" data-v=\"4\" data-block-id=\"394a855\"><div class=\"stk-column-wrapper stk-block-column__content stk-container stk-394a855-container stk--no-background stk--no-padding\"><div class=\"stk-block-content stk-inner-blocks stk-394a855-inner-blocks\">\n<figure class=\"wp-block-image size-large\"><img loading=\"lazy\" decoding=\"async\" width=\"1024\" height=\"683\" src=\"https:\/\/mom-o.hu\/wp-content\/uploads\/2023\/10\/53195917345_e007b1db80_k-1024x683.jpg\" alt=\"\" class=\"wp-image-339\" srcset=\"https:\/\/mom-o.hu\/wp-content\/uploads\/2023\/10\/53195917345_e007b1db80_k-1024x683.jpg 1024w, https:\/\/mom-o.hu\/wp-content\/uploads\/2023\/10\/53195917345_e007b1db80_k-300x200.jpg 300w, https:\/\/mom-o.hu\/wp-content\/uploads\/2023\/10\/53195917345_e007b1db80_k-768x512.jpg 768w, https:\/\/mom-o.hu\/wp-content\/uploads\/2023\/10\/53195917345_e007b1db80_k-1536x1024.jpg 1536w, https:\/\/mom-o.hu\/wp-content\/uploads\/2023\/10\/53195917345_e007b1db80_k.jpg 2048w\" sizes=\"auto, (max-width: 1024px) 100vw, 1024px\" \/><\/figure>\n<\/div><\/div><\/div>\n\n\n\n<div class=\"wp-block-stackable-column stk-block-column stk-column stk-block stk-b669b9f\" data-v=\"4\" data-block-id=\"b669b9f\"><div class=\"stk-column-wrapper stk-block-column__content stk-container stk-b669b9f-container stk--no-background stk--no-padding\"><div class=\"stk-block-content stk-inner-blocks stk-b669b9f-inner-blocks\">\n<p class=\"wp-block-paragraph\">A h\u00e9tv\u00e9g\u00e9n rendezt\u00e9k a R\u00f6vidt\u00e1v\u00fa Orsz\u00e1gos Bajnoks\u00e1got P\u00e9csett, ahol Gerzs\u00e9nyi Bodza tavalyi siker\u00e9t megism\u00e9telve \u00fajra magyar bajnok lett az ifik k\u00f6z\u00f6tt!<\/p>\n\n\n\n<p class=\"wp-block-paragraph\">Bodza holtversenyben v\u00e9gzett az \u00e9len egy horv\u00e1t versenyz\u0151vel (aki a magyar bajnoks\u00e1g eredm\u00e9ny\u00e9be nem sz\u00e1m\u00edt bele), t\u0151l\u00fck mind\u00f6ssze 3 m\u00e1sodperccel lemaradva Mikes Jank\u00e1\u00e9 lett a bajnoki ez\u00fcst\u00e9rem. Ugyancsak ez\u00fcst\u00e9rmes lett Szak\u00e1l-Bir\u00f3 S\u00e1ra a 14 \u00e9vesek k\u00f6zt, ami eddigi legjobb egy\u00e9ni ob helyez\u00e9se!<\/p>\n\n\n\n<p class=\"wp-block-paragraph\">N\u0151i elitben G\u00e1rdonyi Csilla <a><\/a>el\u0151zetesen semmi es\u00e9lyt nem adott mag\u00e1nak az \u00e9remre, ehhez k\u00e9pest \u00fagy szerezte meg a bronzot, hogy a 4. helyezett messze m\u00f6g\u00f6tte volt \u00e9s csak n\u00e9h\u00e1ny m\u00e1sodperccel cs\u00faszott le az ez\u00fcstr\u0151l.<\/p>\n\n\n\n<p class=\"wp-block-paragraph\">A sprintszezon z\u00e1r\u00e1sak\u00e9nt fontos eml\u00edt\u00e9st tenni az ob legnagyobb el\u0151verseny\u00e9r\u0151l, a Suzuki Esztergom Kup\u00e1r\u00f3l, ahol K\u00e9zdy Judit mindh\u00e1rom futamot megnyerve szerezte meg az \u00f6sszetett gy\u0151zelmet a juniorokn\u00e1l. A fi\u00fakn\u00e1l ez\u00fattal becs\u00faszott n\u00e9h\u00e1ny kisebb hiba, \u0151k legk\u00f6zelebb az okt\u00f3beri hossz\u00fat\u00e1v\u00fa ob-n (m\u00e1r erdei terepen) pr\u00f3b\u00e1lnak majd jav\u00edtani az eredm\u00e9nyeiken.<\/p>\n\n\n\n<p class=\"wp-block-paragraph\"><img loading=\"lazy\" decoding=\"async\" height=\"16\" width=\"16\" alt=\"\ud83d\udcf7\" src=\"https:\/\/static.xx.fbcdn.net\/images\/emoji.php\/v9\/tfc\/2\/16\/1f4f7.png\">: M\u00e1th\u00e9 Istv\u00e1n<\/p>\n<\/div><\/div><\/div>\n<\/div><\/div>\n","protected":false},"excerpt":{"rendered":"<p>A h\u00e9tv\u00e9g\u00e9n rendezt\u00e9k a R\u00f6vidt\u00e1v\u00fa Orsz\u00e1gos Bajnoks\u00e1got P\u00e9csett, ahol Gerzs\u00e9nyi Bodza tavalyi siker\u00e9t megism\u00e9telve \u00fajra magyar bajnok lett az ifik k\u00f6z\u00f6tt! Bodza holtversenyben v\u00e9gzett az \u00e9len egy horv\u00e1t versenyz\u0151vel (aki a magyar bajnoks\u00e1g eredm\u00e9ny\u00e9be nem sz\u00e1m\u00edt bele), t\u0151l\u00fck mind\u00f6ssze 3 m\u00e1sodperccel lemaradva Mikes Jank\u00e1\u00e9 lett a bajnoki ez\u00fcst\u00e9rem. Ugyancsak ez\u00fcst\u00e9rmes lett Szak\u00e1l-Bir\u00f3 S\u00e1ra a 14 [&hellip;]<\/p>\n","protected":false},"author":1,"featured_media":0,"comment_status":"closed","ping_status":"open","sticky":false,"template":"","format":"standard","meta":{"_crdt_document":"","_uag_custom_page_level_css":"","site-sidebar-layout":"default","site-content-layout":"","ast-site-content-layout":"default","site-content-style":"default","site-sidebar-style":"default","ast-global-header-display":"","ast-banner-title-visibility":"","ast-main-header-display":"","ast-hfb-above-header-display":"","ast-hfb-below-header-display":"","ast-hfb-mobile-header-display":"","site-post-title":"","ast-breadcrumbs-content":"","ast-featured-img":"","footer-sml-layout":"","theme-transparent-header-meta":"","adv-header-id-meta":"","stick-header-meta":"","header-above-stick-meta":"","header-main-stick-meta":"","header-below-stick-meta":"","astra-migrate-meta-layouts":"default","ast-page-background-enabled":"default","ast-page-background-meta":{"desktop":{"background-color":"var(--ast-global-color-4)","background-image":"","background-repeat":"repeat","background-position":"center center","background-size":"auto","background-attachment":"scroll","background-type":"","background-media":"","overlay-type":"","overlay-color":"","overlay-opacity":"","overlay-gradient":""},"tablet":{"background-color":"","background-image":"","background-repeat":"repeat","background-position":"center center","background-size":"auto","background-attachment":"scroll","background-type":"","background-media":"","overlay-type":"","overlay-color":"","overlay-opacity":"","overlay-gradient":""},"mobile":{"background-color":"","background-image":"","background-repeat":"repeat","background-position":"center center","background-size":"auto","background-attachment":"scroll","background-type":"","background-media":"","overlay-type":"","overlay-color":"","overlay-opacity":"","overlay-gradient":""}},"ast-content-background-meta":{"desktop":{"background-color":"var(--ast-global-color-5)","background-image":"","background-repeat":"repeat","background-position":"center center","background-size":"auto","background-attachment":"scroll","background-type":"","background-media":"","overlay-type":"","overlay-color":"","overlay-opacity":"","overlay-gradient":""},"tablet":{"background-color":"var(--ast-global-color-5)","background-image":"","background-repeat":"repeat","background-position":"center center","background-size":"auto","background-attachment":"scroll","background-type":"","background-media":"","overlay-type":"","overlay-color":"","overlay-opacity":"","overlay-gradient":""},"mobile":{"background-color":"var(--ast-global-color-5)","background-image":"","background-repeat":"repeat","background-position":"center center","background-size":"auto","background-attachment":"scroll","background-type":"","background-media":"","overlay-type":"","overlay-color":"","overlay-opacity":"","overlay-gradient":""}},"footnotes":""},"categories":[8],"tags":[18,16,19,15,17],"class_list":["post-1","post","type-post","status-publish","format-standard","hentry","category-beszamolo","tag-gardonyi-csilla","tag-gerzsenyi-bodza","tag-kezdy-judit","tag-mikes-janka","tag-szakal-biro-sara"],"uagb_featured_image_src":{"full":false,"thumbnail":false,"medium":false,"medium_large":false,"large":false,"1536x1536":false,"2048x2048":false},"uagb_author_info":{"display_name":"hellomarci","author_link":"https:\/\/mom-o.hu\/?author=1"},"uagb_comment_info":0,"uagb_excerpt":"A h\u00e9tv\u00e9g\u00e9n rendezt\u00e9k a R\u00f6vidt\u00e1v\u00fa Orsz\u00e1gos Bajnoks\u00e1got P\u00e9csett, ahol Gerzs\u00e9nyi Bodza tavalyi siker\u00e9t megism\u00e9telve \u00fajra magyar bajnok lett az ifik k\u00f6z\u00f6tt! Bodza holtversenyben v\u00e9gzett az \u00e9len egy horv\u00e1t versenyz\u0151vel (aki a magyar bajnoks\u00e1g eredm\u00e9ny\u00e9be nem sz\u00e1m\u00edt bele), t\u0151l\u00fck mind\u00f6ssze 3 m\u00e1sodperccel lemaradva Mikes Jank\u00e1\u00e9 lett a bajnoki ez\u00fcst\u00e9rem. Ugyancsak ez\u00fcst\u00e9rmes lett Szak\u00e1l-Bir\u00f3 S\u00e1ra a 14&hellip;","_links":{"self":[{"href":"https:\/\/mom-o.hu\/index.php?rest_route=\/wp\/v2\/posts\/1","targetHints":{"allow":["GET"]}}],"collection":[{"href":"https:\/\/mom-o.hu\/index.php?rest_route=\/wp\/v2\/posts"}],"about":[{"href":"https:\/\/mom-o.hu\/index.php?rest_route=\/wp\/v2\/types\/post"}],"author":[{"embeddable":true,"href":"https:\/\/mom-o.hu\/index.php?rest_route=\/wp\/v2\/users\/1"}],"replies":[{"embeddable":true,"href":"https:\/\/mom-o.hu\/index.php?rest_route=%2Fwp%2Fv2%2Fcomments&post=1"}],"version-history":[{"count":2,"href":"https:\/\/mom-o.hu\/index.php?rest_route=\/wp\/v2\/posts\/1\/revisions"}],"predecessor-version":[{"id":862,"href":"https:\/\/mom-o.hu\/index.php?rest_route=\/wp\/v2\/posts\/1\/revisions\/862"}],"wp:attachment":[{"href":"https:\/\/mom-o.hu\/index.php?rest_route=%2Fwp%2Fv2%2Fmedia&parent=1"}],"wp:term":[{"taxonomy":"category","embeddable":true,"href":"https:\/\/mom-o.hu\/index.php?rest_route=%2Fwp%2Fv2%2Fcategories&post=1"},{"taxonomy":"post_tag","embeddable":true,"href":"https:\/\/mom-o.hu\/index.php?rest_route=%2Fwp%2Fv2%2Ftags&post=1"}],"curies":[{"name":"wp","href":"https:\/\/api.w.org\/{rel}","templated":true}]}}